{"id":6680,"date":"2024-12-10T13:22:15","date_gmt":"2024-12-10T18:22:15","guid":{"rendered":"https:\/\/www.comact.com\/?p=6680"},"modified":"2024-12-10T13:21:24","modified_gmt":"2024-12-10T18:21:24","slug":"comact-conclut-une-annee-charniere-avec-un-court-film-celebrant-son-centenaire","status":"publish","type":"post","link":"https:\/\/www.comact.com\/fr\/2024\/12\/10\/comact-conclut-une-annee-charniere-avec-un-court-film-celebrant-son-centenaire\/","title":{"rendered":"Comact conclut une ann\u00e9e charni\u00e8re avec un court film c\u00e9l\u00e9brant son centenaire"},"content":{"rendered":"\n<p><strong>SAINT-GEORGES, QU\u00c9BEC \u2013<\/strong> Alors que 2024 tire \u00e0 sa fin, Comact souligne ses 100&nbsp;ans d\u2019existence avec un court film. Le fleuron qu\u00e9b\u00e9cois de la transformation du bois c\u00e9l\u00e8bre ainsi un si\u00e8cle d\u2019innovation, d\u2019\u00e9volution et de leadership dans le d\u00e9veloppement d\u2019\u00e9quipements d\u2019origine, les technologies num\u00e9riques, les solutions de coupe, les services aux projets et le soutien apr\u00e8s-vente.<\/p>\n\n\n\n<p>Pour Comact, la derni\u00e8re ann\u00e9e a \u00e9t\u00e9 charni\u00e8re. En plus de comm\u00e9morer son centenaire, l\u2019entreprise a d\u00e9voil\u00e9 une nouvelle image de marque et accueilli une \u00e9quipe de direction renouvel\u00e9e. Elle poursuit ainsi sa croissance tout en restant fid\u00e8le aux valeurs qui sont au c\u0153ur de ses activit\u00e9s depuis 100&nbsp;ans&nbsp;: innovation, performance et engagement.<\/p>\n\n\n\n<p>\u00ab&nbsp;Chez Comact, nos racines sont profond\u00e9ment ancr\u00e9es. Nous avons grandi et \u00e9volu\u00e9 depuis un si\u00e8cle, mais notre mission demeure fondamentalement la m\u00eame&nbsp;: procurer \u00e0 l\u2019industrie de la transformation du bois les \u00e9quipements, les technologies et le soutien qui assureront son succ\u00e8s.&nbsp;\u00bb, a affirm\u00e9 Simon Potvin, PDG de Comact.<\/p>\n\n\n\n<p>Le film est \u00e0 l\u2019image des racines de Comact, mais aussi de ses ambitions pour le futur&nbsp;: repousser les limites, fournir des r\u00e9sultats concrets et agir comme moteur de progr\u00e8s.<\/p>\n\n\n\n<p class=\"has-text-align-center\"><a href=\"https:\/\/youtu.be\/f504BbiX-8M\" target=\"_blank\" rel=\"noopener\" title=\"\">Visionnez le film De nos racines \u00e0 nos ambitions\u00a0!<\/a><\/p>\n\n\n\n<figure class=\"wp-block-gallery has-nested-images columns-default is-cropped wp-block-gallery-1 is-layout-flex wp-block-gallery-is-layout-flex\">\n<figure class=\"wp-block-image size-large\"><a href=\"https:\/\/youtu.be\/f504BbiX-8M\"><img loading=\"lazy\" decoding=\"async\" width=\"1024\" height=\"576\" data-id=\"6684\" src=\"https:\/\/www.comact.com\/wp-content\/uploads\/2024\/12\/Thumbnail_imageforet-1024x576.jpg\" alt=\"\" class=\"wp-image-6684\" srcset=\"https:\/\/www.comact.com\/wp-content\/uploads\/2024\/12\/Thumbnail_imageforet-1024x576.jpg 1024w, https:\/\/www.comact.com\/wp-content\/uploads\/2024\/12\/Thumbnail_imageforet-300x169.jpg 300w, https:\/\/www.comact.com\/wp-content\/uploads\/2024\/12\/Thumbnail_imageforet-768x432.jpg 768w, https:\/\/www.comact.com\/wp-content\/uploads\/2024\/12\/Thumbnail_imageforet-1536x864.jpg 1536w, https:\/\/www.comact.com\/wp-content\/uploads\/2024\/12\/Thumbnail_imageforet.jpg 1920w\" sizes=\"auto, (max-width: 1024px) 100vw, 1024px\" \/><\/a><\/figure>\n<\/figure>\n\n\n\n<p class=\"has-text-align-center\"><\/p>\n\n\n\n<p><\/p>\n\n\n\n<p><strong>\u00c0 PROPOS DE COMACT<\/strong><\/p>\n\n\n\n<p>Depuis plus de 100 ans, Comact est un \u00e9quipementier de premier plan pour l\u2019industrie de la transformation du bois, \u00e0 qui il procure des \u00e9quipements, des technologies num\u00e9riques, des solutions de coupe, un soutien aux projets et un service apr\u00e8s-vente de haut calibre. Guid\u00e9s par l\u2019innovation et l\u2019excellence, nous sommes d\u00e9termin\u00e9s \u00e0 aider nos clients \u00e0 relever les d\u00e9fis commerciaux et op\u00e9rationnels pressants qui se posent \u00e0 eux dans l\u2019industrie actuelle.<\/p>\n\n\n\n<p>Qu\u2019il s\u2019agisse de projets nouveaux ou existants, l\u2019expertise de Comact procure aux installations de transformation du bois l\u2019assurance que leurs investissements g\u00e9n\u00e9reront un rendement, une productivit\u00e9 et des r\u00e9sultats de niveau sup\u00e9rieur. Elles savent qu\u2019elles pourront ainsi rester comp\u00e9titives et obtenir une croissance soutenue dans un march\u00e9 en constante \u00e9volution. Pour une performance exceptionnelle en tout temps, faites confiance \u00e0 Comact. Pour plus d\u2019information, <a href=\"https:\/\/www.comact.com\/fr\/contact\/\" target=\"_blank\" rel=\"noopener\" title=\"\">visitez le site web.<\/a><\/p>\n\n\n\n<p class=\"has-text-align-center\">-30-<\/p>\n\n\n\n<p>Renseignements&nbsp;:<\/p>\n\n\n\n<p>ANNE-MARIE L\u00c9VESQUE<br>Vice-pr\u00e9sidente, D\u00e9veloppement des affaires et des produits<br>450-435-2121<br><a href=\"mailto:anne-marie.levesque@comact.com\">anne-marie.levesque@comact.com<\/a><\/p>\n","protected":false},"excerpt":{"rendered":"<p>SAINT-GEORGES, QU\u00c9BEC \u2013 Alors que 2024 tire \u00e0 sa fin, Comact souligne ses 100&nbsp;ans d\u2019existence avec un court film. Le fleuron qu\u00e9b\u00e9cois de la transformation du bois c\u00e9l\u00e8bre ainsi un si\u00e8cle d\u2019innovation, d\u2019\u00e9volution et de leadership dans le d\u00e9veloppement d\u2019\u00e9quipements d\u2019origine, les technologies num\u00e9riques, les solutions de coupe, les services aux projets et le soutien [&#8230;]<\/p>\n","protected":false},"author":5,"featured_media":6684,"comment_status":"closed","ping_status":"closed","sticky":false,"template":"","format":"standard","meta":{"_acf_changed":false,"footnotes":""},"categories":[6],"tags":[],"class_list":["post-6680","post","type-post","status-publish","format-standard","has-post-thumbnail","hentry","category-non-classifiee"],"acf":[],"aioseo_notices":[],"_links":{"self":[{"href":"https:\/\/www.comact.com\/fr\/wp-json\/wp\/v2\/posts\/6680","targetHints":{"allow":["GET"]}}],"collection":[{"href":"https:\/\/www.comact.com\/fr\/wp-json\/wp\/v2\/posts"}],"about":[{"href":"https:\/\/www.comact.com\/fr\/wp-json\/wp\/v2\/types\/post"}],"author":[{"embeddable":true,"href":"https:\/\/www.comact.com\/fr\/wp-json\/wp\/v2\/users\/5"}],"replies":[{"embeddable":true,"href":"https:\/\/www.comact.com\/fr\/wp-json\/wp\/v2\/comments?post=6680"}],"version-history":[{"count":0,"href":"https:\/\/www.comact.com\/fr\/wp-json\/wp\/v2\/posts\/6680\/revisions"}],"wp:featuredmedia":[{"embeddable":true,"href":"https:\/\/www.comact.com\/fr\/wp-json\/wp\/v2\/media\/6684"}],"wp:attachment":[{"href":"https:\/\/www.comact.com\/fr\/wp-json\/wp\/v2\/media?parent=6680"}],"wp:term":[{"taxonomy":"category","embeddable":true,"href":"https:\/\/www.comact.com\/fr\/wp-json\/wp\/v2\/categories?post=6680"},{"taxonomy":"post_tag","embeddable":true,"href":"https:\/\/www.comact.com\/fr\/wp-json\/wp\/v2\/tags?post=6680"}],"curies":[{"name":"wp","href":"https:\/\/api.w.org\/{rel}","templated":true}]}}