{"id":3472,"date":"2022-05-27T11:24:00","date_gmt":"2022-05-27T15:24:00","guid":{"rendered":"http:\/\/www.comact.com\/?p=3472"},"modified":"2022-06-07T11:26:20","modified_gmt":"2022-06-07T15:26:20","slug":"bid-investit-5-millions-de-dollars-dans-lagrandissement-de-ses-installations-de-st-ephrem-quebec","status":"publish","type":"post","link":"https:\/\/www.comact.com\/fr\/2022\/05\/27\/bid-investit-5-millions-de-dollars-dans-lagrandissement-de-ses-installations-de-st-ephrem-quebec\/","title":{"rendered":"BID investit 5 millions de dollars dans  l\u2019agrandissement de ses installations  de St-\u00c9phrem, Qu\u00e9bec"},"content":{"rendered":"<p><img loading=\"lazy\" decoding=\"async\" class=\"size-medium wp-image-3473 alignleft\" src=\"http:\/\/www.comact.com\/wp-content\/uploads\/2022\/06\/STE_FRA-300x169.png\" alt=\"\" width=\"300\" height=\"169\" srcset=\"https:\/\/www.comact.com\/wp-content\/uploads\/2022\/06\/STE_FRA-300x169.png 300w, https:\/\/www.comact.com\/wp-content\/uploads\/2022\/06\/STE_FRA-1024x576.png 1024w, https:\/\/www.comact.com\/wp-content\/uploads\/2022\/06\/STE_FRA-768x432.png 768w, https:\/\/www.comact.com\/wp-content\/uploads\/2022\/06\/STE_FRA.png 1280w\" sizes=\"auto, (max-width: 300px) 100vw, 300px\" \/><\/p>\n<p><strong>St-Georges, Qu\u00e9bec, 27 mai, 2022<\/strong> \u2013 BID Group, le chef de file nord-am\u00e9ricain de la fabrication, de l&rsquo;installation et du service apr\u00e8s-vente d&rsquo;\u00e9quipement de scierie est heureux d\u2019annoncer ses plans d&rsquo;investissement en capital strat\u00e9gique de 5 millions de dollars pour agrandir ses installations de St-\u00c9phrem, Qu\u00e9bec.<\/p>\n<p>L&rsquo;installation augmentera de 18 000 pieds carr\u00e9s, ce qui repr\u00e9sente une augmentation de 35 % de l&rsquo;espace de fabrication. Cette plus grande surface permettra l&rsquo;assemblage d&rsquo;\u00e9quipements plus complexes pour r\u00e9pondre \u00e0 la demande croissante. L&rsquo;agrandissement contribuera \u00e0 accro\u00eetre la capacit\u00e9 de BID \u00e0 fournir sa gamme compl\u00e8te de technologies innovantes \u00e0 ses clients qui sont de tr\u00e8s grande importance.<\/p>\n<p><em>\u00ab Nous sommes touch\u00e9s et honor\u00e9s par la confiance durable de nos clients dont le succ\u00e8s est \u00e0 l&rsquo;origine du besoin de ce type d&rsquo;investissement. Nous sommes ravis d&rsquo;\u00e9tendre notre pr\u00e9sence dans la r\u00e9gion de la Beauce au Qu\u00e9bec et d&rsquo;ajouter plus d&#8217;emplois de haute qualit\u00e9 \u00e0 notre effectif actuel de 450 personnes <\/em><em>\u00bb<\/em> a d\u00e9clar\u00e9 Adam Infanti, directeur financier de BID.<\/p>\n<p>L&rsquo;excavation commencera imm\u00e9diatement et la construction sera termin\u00e9e \u00e0 l&rsquo;automne 2022. Cet agrandissement cr\u00e9era trente nouveaux emplois, principalement pour les machinistes, les m\u00e9caniciens et les soudeurs.<\/p>\n","protected":false},"excerpt":{"rendered":"<p>St-Georges, Qu\u00e9bec, 27 mai, 2022 \u2013 BID Group, le chef de file nord-am\u00e9ricain de la fabrication, de l&rsquo;installation et du service apr\u00e8s-vente d&rsquo;\u00e9quipement de scierie est heureux d\u2019annoncer ses plans d&rsquo;investissement en capital strat\u00e9gique de 5 millions de dollars pour agrandir ses installations de St-\u00c9phrem, Qu\u00e9bec. L&rsquo;installation augmentera de 18 000 pieds carr\u00e9s, ce qui [&#8230;]<\/p>\n","protected":false},"author":3,"featured_media":0,"comment_status":"open","ping_status":"open","sticky":false,"template":"","format":"standard","meta":{"_acf_changed":false,"footnotes":""},"categories":[6],"tags":[],"class_list":["post-3472","post","type-post","status-publish","format-standard","hentry","category-non-classifiee"],"acf":[],"aioseo_notices":[],"_links":{"self":[{"href":"https:\/\/www.comact.com\/fr\/wp-json\/wp\/v2\/posts\/3472","targetHints":{"allow":["GET"]}}],"collection":[{"href":"https:\/\/www.comact.com\/fr\/wp-json\/wp\/v2\/posts"}],"about":[{"href":"https:\/\/www.comact.com\/fr\/wp-json\/wp\/v2\/types\/post"}],"author":[{"embeddable":true,"href":"https:\/\/www.comact.com\/fr\/wp-json\/wp\/v2\/users\/3"}],"replies":[{"embeddable":true,"href":"https:\/\/www.comact.com\/fr\/wp-json\/wp\/v2\/comments?post=3472"}],"version-history":[{"count":0,"href":"https:\/\/www.comact.com\/fr\/wp-json\/wp\/v2\/posts\/3472\/revisions"}],"wp:attachment":[{"href":"https:\/\/www.comact.com\/fr\/wp-json\/wp\/v2\/media?parent=3472"}],"wp:term":[{"taxonomy":"category","embeddable":true,"href":"https:\/\/www.comact.com\/fr\/wp-json\/wp\/v2\/categories?post=3472"},{"taxonomy":"post_tag","embeddable":true,"href":"https:\/\/www.comact.com\/fr\/wp-json\/wp\/v2\/tags?post=3472"}],"curies":[{"name":"wp","href":"https:\/\/api.w.org\/{rel}","templated":true}]}}