{"id":2447,"date":"2020-11-11T21:55:53","date_gmt":"2020-11-11T21:55:53","guid":{"rendered":"https:\/\/bid.www.comact.com\/?p=2447"},"modified":"2020-11-11T21:55:53","modified_gmt":"2020-11-11T21:55:53","slug":"jour-du-souvenir-et-des-anciens-combattants","status":"publish","type":"post","link":"https:\/\/www.comact.com\/fr\/2020\/11\/11\/jour-du-souvenir-et-des-anciens-combattants\/","title":{"rendered":"Jour du souvenir et des anciens combattants"},"content":{"rendered":"<p>Il a \u00e9t\u00e9 dit que \u00abun h\u00e9ros est quelqu&rsquo;un qui comprend la responsabilit\u00e9 qui vient avec la libert\u00e9\u00bb.<\/p>\n<p>Aujourd&rsquo;hui, tous les membres de la famille BID se r\u00e9unissent pour remercier les h\u00e9ros, des deux c\u00f4t\u00e9s de la fronti\u00e8re, qui ont r\u00e9pondu \u00e0 cet appel &#8211; pass\u00e9, pr\u00e9sent et quoi qu&rsquo;il arrive.<\/p>\n<p>Nous offrons notre gratitude \u00e9ternelle pour vos sacrifices au service et honorons votre h\u00e9ro\u00efsme.<\/p>\n<p>Merci \u00e0 tous!<\/p>\n<p><img loading=\"lazy\" decoding=\"async\" class=\"alignnone wp-image-2443 size-large\" src=\"https:\/\/bid.www.comact.com\/wp-content\/uploads\/2020\/11\/2020_JourSouvenir_FR-1024x574.png\" alt=\"\" width=\"640\" height=\"359\" \/><\/p>\n","protected":false},"excerpt":{"rendered":"<p>Il a \u00e9t\u00e9 dit que \u00abun h\u00e9ros est quelqu&rsquo;un qui comprend la responsabilit\u00e9 qui vient avec la libert\u00e9\u00bb. Aujourd&rsquo;hui, tous les membres de la famille BID se r\u00e9unissent pour remercier les h\u00e9ros, des deux c\u00f4t\u00e9s de la fronti\u00e8re, qui ont r\u00e9pondu \u00e0 cet appel &#8211; pass\u00e9, pr\u00e9sent et quoi qu&rsquo;il arrive. Nous offrons notre gratitude [&#8230;]<\/p>\n","protected":false},"author":2,"featured_media":0,"comment_status":"closed","ping_status":"closed","sticky":false,"template":"","format":"standard","meta":{"_acf_changed":false,"footnotes":""},"categories":[1,6],"tags":[],"class_list":["post-2447","post","type-post","status-publish","format-standard","hentry","category-non-classe","category-non-classifiee"],"acf":[],"aioseo_notices":[],"aioseo_head":"\n\t\t<!-- All in One SEO 4.9.8 - aioseo.com -->\n\t<meta name=\"description\" content=\"Il a \u00e9t\u00e9 dit que \u00abun h\u00e9ros est quelqu&#039;un qui comprend la responsabilit\u00e9 qui vient avec la libert\u00e9\u00bb. Aujourd&#039;hui, tous les membres de la famille BID se r\u00e9unissent pour remercier les h\u00e9ros, des deux c\u00f4t\u00e9s de la fronti\u00e8re, qui ont r\u00e9pondu \u00e0 cet appel - pass\u00e9, pr\u00e9sent et quoi qu&#039;il arrive. Nous offrons notre gratitude\" \/>\n\t<meta name=\"robots\" content=\"max-image-preview:large\" \/>\n\t<meta name=\"author\" content=\"_bidgroup\"\/>\n\t<link rel=\"canonical\" href=\"https:\/\/www.comact.com\/fr\/2020\/11\/11\/jour-du-souvenir-et-des-anciens-combattants\/\" \/>\n\t<meta name=\"generator\" content=\"All in One SEO (AIOSEO) 4.9.8\" \/>\n\t\t<meta property=\"og:locale\" content=\"fr_CA\" \/>\n\t\t<meta property=\"og:site_name\" content=\"Comact |\" \/>\n\t\t<meta property=\"og:type\" content=\"article\" \/>\n\t\t<meta property=\"og:title\" content=\"Jour du souvenir et des anciens combattants | Comact\" \/>\n\t\t<meta property=\"og:description\" content=\"Il a \u00e9t\u00e9 dit que \u00abun h\u00e9ros est quelqu&#039;un qui comprend la responsabilit\u00e9 qui vient avec la libert\u00e9\u00bb. Aujourd&#039;hui, tous les membres de la famille BID se r\u00e9unissent pour remercier les h\u00e9ros, des deux c\u00f4t\u00e9s de la fronti\u00e8re, qui ont r\u00e9pondu \u00e0 cet appel - pass\u00e9, pr\u00e9sent et quoi qu&#039;il arrive. Nous offrons notre gratitude\" \/>\n\t\t<meta property=\"og:url\" content=\"https:\/\/www.comact.com\/fr\/2020\/11\/11\/jour-du-souvenir-et-des-anciens-combattants\/\" \/>\n\t\t<meta property=\"og:image\" content=\"https:\/\/bid.www.comact.com\/wp-content\/uploads\/2020\/11\/2020_JourSouvenir_FR-1024x574.png\" \/>\n\t\t<meta property=\"og:image:secure_url\" content=\"https:\/\/bid.www.comact.com\/wp-content\/uploads\/2020\/11\/2020_JourSouvenir_FR-1024x574.png\" \/>\n\t\t<meta property=\"article:published_time\" content=\"2020-11-11T21:55:53+00:00\" \/>\n\t\t<meta property=\"article:modified_time\" content=\"2020-11-11T21:55:53+00:00\" \/>\n\t\t<meta property=\"article:publisher\" content=\"https:\/\/www.facebook.com\/Comact1\" \/>\n\t\t<script type=\"application\/ld+json\" class=\"aioseo-schema\">\n\t\t\t{\"@context\":\"https:\\\/\\\/schema.org\",\"@graph\":[{\"@type\":\"BlogPosting\",\"@id\":\"https:\\\/\\\/www.comact.com\\\/fr\\\/2020\\\/11\\\/11\\\/jour-du-souvenir-et-des-anciens-combattants\\\/#blogposting\",\"name\":\"Jour du souvenir et des anciens combattants | Comact\",\"headline\":\"Jour du souvenir et des anciens combattants\",\"author\":{\"@id\":\"https:\\\/\\\/www.comact.com\\\/fr\\\/author\\\/_bidgroup\\\/#author\"},\"publisher\":{\"@id\":\"https:\\\/\\\/www.comact.com\\\/fr\\\/#organization\"},\"image\":{\"@type\":\"ImageObject\",\"url\":\"https:\\\/\\\/bid.www.comact.com\\\/wp-content\\\/uploads\\\/2020\\\/11\\\/2020_JourSouvenir_FR-1024x574.png\",\"@id\":\"https:\\\/\\\/www.comact.com\\\/fr\\\/2020\\\/11\\\/11\\\/jour-du-souvenir-et-des-anciens-combattants\\\/#articleImage\"},\"datePublished\":\"2020-11-11T21:55:53-05:00\",\"dateModified\":\"2020-11-11T21:55:53-05:00\",\"inLanguage\":\"fr-CA\",\"mainEntityOfPage\":{\"@id\":\"https:\\\/\\\/www.comact.com\\\/fr\\\/2020\\\/11\\\/11\\\/jour-du-souvenir-et-des-anciens-combattants\\\/#webpage\"},\"isPartOf\":{\"@id\":\"https:\\\/\\\/www.comact.com\\\/fr\\\/2020\\\/11\\\/11\\\/jour-du-souvenir-et-des-anciens-combattants\\\/#webpage\"},\"articleSection\":\"Non class\\u00e9, Non classifi\\u00e9(e), Facultatif\"},{\"@type\":\"BreadcrumbList\",\"@id\":\"https:\\\/\\\/www.comact.com\\\/fr\\\/2020\\\/11\\\/11\\\/jour-du-souvenir-et-des-anciens-combattants\\\/#breadcrumblist\",\"itemListElement\":[{\"@type\":\"ListItem\",\"@id\":\"https:\\\/\\\/www.comact.com\\\/fr\\\/#listItem\",\"position\":1,\"name\":\"Home\",\"item\":\"https:\\\/\\\/www.comact.com\\\/fr\\\/\",\"nextItem\":{\"@type\":\"ListItem\",\"@id\":\"https:\\\/\\\/www.comact.com\\\/en\\\/category\\\/non-classe\\\/#listItem\",\"name\":\"Non class\\u00e9\"}},{\"@type\":\"ListItem\",\"@id\":\"https:\\\/\\\/www.comact.com\\\/en\\\/category\\\/non-classe\\\/#listItem\",\"position\":2,\"name\":\"Non class\\u00e9\",\"item\":\"https:\\\/\\\/www.comact.com\\\/en\\\/category\\\/non-classe\\\/\",\"nextItem\":{\"@type\":\"ListItem\",\"@id\":\"https:\\\/\\\/www.comact.com\\\/fr\\\/2020\\\/11\\\/11\\\/jour-du-souvenir-et-des-anciens-combattants\\\/#listItem\",\"name\":\"Jour du souvenir et des anciens combattants\"},\"previousItem\":{\"@type\":\"ListItem\",\"@id\":\"https:\\\/\\\/www.comact.com\\\/fr\\\/#listItem\",\"name\":\"Home\"}},{\"@type\":\"ListItem\",\"@id\":\"https:\\\/\\\/www.comact.com\\\/fr\\\/2020\\\/11\\\/11\\\/jour-du-souvenir-et-des-anciens-combattants\\\/#listItem\",\"position\":3,\"name\":\"Jour du souvenir et des anciens combattants\",\"previousItem\":{\"@type\":\"ListItem\",\"@id\":\"https:\\\/\\\/www.comact.com\\\/en\\\/category\\\/non-classe\\\/#listItem\",\"name\":\"Non class\\u00e9\"}}]},{\"@type\":\"Organization\",\"@id\":\"https:\\\/\\\/www.comact.com\\\/fr\\\/#organization\",\"name\":\"Comact\",\"url\":\"https:\\\/\\\/www.comact.com\\\/fr\\\/\",\"telephone\":\"+14504352121\",\"logo\":{\"@type\":\"ImageObject\",\"url\":\"\\\/wp-content\\\/themes\\\/understrap-child\\\/images\\\/logo.svg\",\"@id\":\"https:\\\/\\\/www.comact.com\\\/fr\\\/2020\\\/11\\\/11\\\/jour-du-souvenir-et-des-anciens-combattants\\\/#organizationLogo\"},\"image\":{\"@id\":\"https:\\\/\\\/www.comact.com\\\/fr\\\/2020\\\/11\\\/11\\\/jour-du-souvenir-et-des-anciens-combattants\\\/#organizationLogo\"},\"sameAs\":[\"https:\\\/\\\/www.youtube.com\\\/@bidgroup6232\",\"https:\\\/\\\/www.linkedin.com\\\/company\\\/comact1924\\\/\"]},{\"@type\":\"Person\",\"@id\":\"https:\\\/\\\/www.comact.com\\\/fr\\\/author\\\/_bidgroup\\\/#author\",\"url\":\"https:\\\/\\\/www.comact.com\\\/fr\\\/author\\\/_bidgroup\\\/\",\"name\":\"_bidgroup\",\"image\":{\"@type\":\"ImageObject\",\"@id\":\"https:\\\/\\\/www.comact.com\\\/fr\\\/2020\\\/11\\\/11\\\/jour-du-souvenir-et-des-anciens-combattants\\\/#authorImage\",\"url\":\"https:\\\/\\\/secure.gravatar.com\\\/avatar\\\/100436a84d225d3ff46b5bd942cffc47c9e57d24b6134f4a1bb941318faf28d1?s=96&d=mm&r=g\",\"width\":96,\"height\":96,\"caption\":\"_bidgroup\"}},{\"@type\":\"WebPage\",\"@id\":\"https:\\\/\\\/www.comact.com\\\/fr\\\/2020\\\/11\\\/11\\\/jour-du-souvenir-et-des-anciens-combattants\\\/#webpage\",\"url\":\"https:\\\/\\\/www.comact.com\\\/fr\\\/2020\\\/11\\\/11\\\/jour-du-souvenir-et-des-anciens-combattants\\\/\",\"name\":\"Jour du souvenir et des anciens combattants | Comact\",\"description\":\"Il a \\u00e9t\\u00e9 dit que \\u00abun h\\u00e9ros est quelqu'un qui comprend la responsabilit\\u00e9 qui vient avec la libert\\u00e9\\u00bb. Aujourd'hui, tous les membres de la famille BID se r\\u00e9unissent pour remercier les h\\u00e9ros, des deux c\\u00f4t\\u00e9s de la fronti\\u00e8re, qui ont r\\u00e9pondu \\u00e0 cet appel - pass\\u00e9, pr\\u00e9sent et quoi qu'il arrive. Nous offrons notre gratitude\",\"inLanguage\":\"fr-CA\",\"isPartOf\":{\"@id\":\"https:\\\/\\\/www.comact.com\\\/fr\\\/#website\"},\"breadcrumb\":{\"@id\":\"https:\\\/\\\/www.comact.com\\\/fr\\\/2020\\\/11\\\/11\\\/jour-du-souvenir-et-des-anciens-combattants\\\/#breadcrumblist\"},\"author\":{\"@id\":\"https:\\\/\\\/www.comact.com\\\/fr\\\/author\\\/_bidgroup\\\/#author\"},\"creator\":{\"@id\":\"https:\\\/\\\/www.comact.com\\\/fr\\\/author\\\/_bidgroup\\\/#author\"},\"datePublished\":\"2020-11-11T21:55:53-05:00\",\"dateModified\":\"2020-11-11T21:55:53-05:00\"},{\"@type\":\"WebSite\",\"@id\":\"https:\\\/\\\/www.comact.com\\\/fr\\\/#website\",\"url\":\"https:\\\/\\\/www.comact.com\\\/fr\\\/\",\"name\":\"Comact\",\"inLanguage\":\"fr-CA\",\"publisher\":{\"@id\":\"https:\\\/\\\/www.comact.com\\\/fr\\\/#organization\"}}]}\n\t\t<\/script>\n\t\t<!-- All in One SEO -->\n\n","aioseo_head_json":{"title":"Jour du souvenir et des anciens combattants | Comact","description":"Il a \u00e9t\u00e9 dit que \u00abun h\u00e9ros est quelqu'un qui comprend la responsabilit\u00e9 qui vient avec la libert\u00e9\u00bb. Aujourd'hui, tous les membres de la famille BID se r\u00e9unissent pour remercier les h\u00e9ros, des deux c\u00f4t\u00e9s de la fronti\u00e8re, qui ont r\u00e9pondu \u00e0 cet appel - pass\u00e9, pr\u00e9sent et quoi qu'il arrive. Nous offrons notre gratitude","canonical_url":"https:\/\/www.comact.com\/fr\/2020\/11\/11\/jour-du-souvenir-et-des-anciens-combattants\/","robots":"max-image-preview:large","keywords":"","webmasterTools":{"miscellaneous":""},"schema":{"@context":"https:\/\/schema.org","@graph":[{"@type":"BlogPosting","@id":"https:\/\/www.comact.com\/fr\/2020\/11\/11\/jour-du-souvenir-et-des-anciens-combattants\/#blogposting","name":"Jour du souvenir et des anciens combattants | Comact","headline":"Jour du souvenir et des anciens combattants","author":{"@id":"https:\/\/www.comact.com\/fr\/author\/_bidgroup\/#author"},"publisher":{"@id":"https:\/\/www.comact.com\/fr\/#organization"},"image":{"@type":"ImageObject","url":"https:\/\/bid.www.comact.com\/wp-content\/uploads\/2020\/11\/2020_JourSouvenir_FR-1024x574.png","@id":"https:\/\/www.comact.com\/fr\/2020\/11\/11\/jour-du-souvenir-et-des-anciens-combattants\/#articleImage"},"datePublished":"2020-11-11T21:55:53-05:00","dateModified":"2020-11-11T21:55:53-05:00","inLanguage":"fr-CA","mainEntityOfPage":{"@id":"https:\/\/www.comact.com\/fr\/2020\/11\/11\/jour-du-souvenir-et-des-anciens-combattants\/#webpage"},"isPartOf":{"@id":"https:\/\/www.comact.com\/fr\/2020\/11\/11\/jour-du-souvenir-et-des-anciens-combattants\/#webpage"},"articleSection":"Non class\u00e9, Non classifi\u00e9(e), Facultatif"},{"@type":"BreadcrumbList","@id":"https:\/\/www.comact.com\/fr\/2020\/11\/11\/jour-du-souvenir-et-des-anciens-combattants\/#breadcrumblist","itemListElement":[{"@type":"ListItem","@id":"https:\/\/www.comact.com\/fr\/#listItem","position":1,"name":"Home","item":"https:\/\/www.comact.com\/fr\/","nextItem":{"@type":"ListItem","@id":"https:\/\/www.comact.com\/en\/category\/non-classe\/#listItem","name":"Non class\u00e9"}},{"@type":"ListItem","@id":"https:\/\/www.comact.com\/en\/category\/non-classe\/#listItem","position":2,"name":"Non class\u00e9","item":"https:\/\/www.comact.com\/en\/category\/non-classe\/","nextItem":{"@type":"ListItem","@id":"https:\/\/www.comact.com\/fr\/2020\/11\/11\/jour-du-souvenir-et-des-anciens-combattants\/#listItem","name":"Jour du souvenir et des anciens combattants"},"previousItem":{"@type":"ListItem","@id":"https:\/\/www.comact.com\/fr\/#listItem","name":"Home"}},{"@type":"ListItem","@id":"https:\/\/www.comact.com\/fr\/2020\/11\/11\/jour-du-souvenir-et-des-anciens-combattants\/#listItem","position":3,"name":"Jour du souvenir et des anciens combattants","previousItem":{"@type":"ListItem","@id":"https:\/\/www.comact.com\/en\/category\/non-classe\/#listItem","name":"Non class\u00e9"}}]},{"@type":"Organization","@id":"https:\/\/www.comact.com\/fr\/#organization","name":"Comact","url":"https:\/\/www.comact.com\/fr\/","telephone":"+14504352121","logo":{"@type":"ImageObject","url":"\/wp-content\/themes\/understrap-child\/images\/logo.svg","@id":"https:\/\/www.comact.com\/fr\/2020\/11\/11\/jour-du-souvenir-et-des-anciens-combattants\/#organizationLogo"},"image":{"@id":"https:\/\/www.comact.com\/fr\/2020\/11\/11\/jour-du-souvenir-et-des-anciens-combattants\/#organizationLogo"},"sameAs":["https:\/\/www.youtube.com\/@bidgroup6232","https:\/\/www.linkedin.com\/company\/comact1924\/"]},{"@type":"Person","@id":"https:\/\/www.comact.com\/fr\/author\/_bidgroup\/#author","url":"https:\/\/www.comact.com\/fr\/author\/_bidgroup\/","name":"_bidgroup","image":{"@type":"ImageObject","@id":"https:\/\/www.comact.com\/fr\/2020\/11\/11\/jour-du-souvenir-et-des-anciens-combattants\/#authorImage","url":"https:\/\/secure.gravatar.com\/avatar\/100436a84d225d3ff46b5bd942cffc47c9e57d24b6134f4a1bb941318faf28d1?s=96&d=mm&r=g","width":96,"height":96,"caption":"_bidgroup"}},{"@type":"WebPage","@id":"https:\/\/www.comact.com\/fr\/2020\/11\/11\/jour-du-souvenir-et-des-anciens-combattants\/#webpage","url":"https:\/\/www.comact.com\/fr\/2020\/11\/11\/jour-du-souvenir-et-des-anciens-combattants\/","name":"Jour du souvenir et des anciens combattants | Comact","description":"Il a \u00e9t\u00e9 dit que \u00abun h\u00e9ros est quelqu'un qui comprend la responsabilit\u00e9 qui vient avec la libert\u00e9\u00bb. Aujourd'hui, tous les membres de la famille BID se r\u00e9unissent pour remercier les h\u00e9ros, des deux c\u00f4t\u00e9s de la fronti\u00e8re, qui ont r\u00e9pondu \u00e0 cet appel - pass\u00e9, pr\u00e9sent et quoi qu'il arrive. Nous offrons notre gratitude","inLanguage":"fr-CA","isPartOf":{"@id":"https:\/\/www.comact.com\/fr\/#website"},"breadcrumb":{"@id":"https:\/\/www.comact.com\/fr\/2020\/11\/11\/jour-du-souvenir-et-des-anciens-combattants\/#breadcrumblist"},"author":{"@id":"https:\/\/www.comact.com\/fr\/author\/_bidgroup\/#author"},"creator":{"@id":"https:\/\/www.comact.com\/fr\/author\/_bidgroup\/#author"},"datePublished":"2020-11-11T21:55:53-05:00","dateModified":"2020-11-11T21:55:53-05:00"},{"@type":"WebSite","@id":"https:\/\/www.comact.com\/fr\/#website","url":"https:\/\/www.comact.com\/fr\/","name":"Comact","inLanguage":"fr-CA","publisher":{"@id":"https:\/\/www.comact.com\/fr\/#organization"}}]},"og:locale":"fr_CA","og:site_name":"Comact |","og:type":"article","og:title":"Jour du souvenir et des anciens combattants | Comact","og:description":"Il a \u00e9t\u00e9 dit que \u00abun h\u00e9ros est quelqu'un qui comprend la responsabilit\u00e9 qui vient avec la libert\u00e9\u00bb. Aujourd'hui, tous les membres de la famille BID se r\u00e9unissent pour remercier les h\u00e9ros, des deux c\u00f4t\u00e9s de la fronti\u00e8re, qui ont r\u00e9pondu \u00e0 cet appel - pass\u00e9, pr\u00e9sent et quoi qu'il arrive. Nous offrons notre gratitude","og:url":"https:\/\/www.comact.com\/fr\/2020\/11\/11\/jour-du-souvenir-et-des-anciens-combattants\/","og:image":"https:\/\/bid.www.comact.com\/wp-content\/uploads\/2020\/11\/2020_JourSouvenir_FR-1024x574.png","og:image:secure_url":"https:\/\/bid.www.comact.com\/wp-content\/uploads\/2020\/11\/2020_JourSouvenir_FR-1024x574.png","article:published_time":"2020-11-11T21:55:53+00:00","article:modified_time":"2020-11-11T21:55:53+00:00","article:publisher":"https:\/\/www.facebook.com\/Comact1"},"aioseo_meta_data":{"post_id":"2447","title":null,"description":null,"keywords":null,"keyphrases":null,"primary_term":null,"canonical_url":null,"og_title":null,"og_description":null,"og_object_type":"default","og_image_type":"default","og_image_url":null,"og_image_width":null,"og_image_height":null,"og_image_custom_url":null,"og_image_custom_fields":null,"og_video":null,"og_custom_url":null,"og_article_section":null,"og_article_tags":null,"twitter_use_og":false,"twitter_card":"default","twitter_image_type":"default","twitter_image_url":null,"twitter_image_custom_url":null,"twitter_image_custom_fields":null,"twitter_title":null,"twitter_description":null,"schema":{"blockGraphs":[],"customGraphs":[],"default":{"data":{"Article":[],"Course":[],"Dataset":[],"FAQPage":[],"Movie":[],"Person":[],"Product":[],"ProductReview":[],"Car":[],"Recipe":[],"Service":[],"SoftwareApplication":[],"WebPage":[]},"graphName":"","isEnabled":true},"graphs":[]},"schema_type":"default","schema_type_options":null,"pillar_content":false,"robots_default":true,"robots_noindex":false,"robots_noarchive":false,"robots_nosnippet":false,"robots_nofollow":false,"robots_noimageindex":false,"robots_noodp":false,"robots_notranslate":false,"robots_max_snippet":null,"robots_max_videopreview":null,"robots_max_imagepreview":"large","priority":null,"frequency":null,"local_seo":null,"breadcrumb_settings":null,"limit_modified_date":false,"ai":null,"created":"2023-11-20 19:00:25","updated":"2025-07-18 18:27:19","seo_analyzer_scan_date":null},"aioseo_breadcrumb":"<div class=\"aioseo-breadcrumbs\"><span class=\"aioseo-breadcrumb\">\n\t\t\t<a href=\"https:\/\/www.comact.com\/fr\/\" title=\"Home\">Home<\/a>\n\t\t<\/span><span class=\"aioseo-breadcrumb-separator\">\u00bb<\/span><span class=\"aioseo-breadcrumb\">\n\t\t\t<a href=\"https:\/\/www.comact.com\/en\/category\/non-classe\/\" title=\"Non class\u00e9\">Non class\u00e9<\/a>\n\t\t<\/span><span class=\"aioseo-breadcrumb-separator\">\u00bb<\/span><span class=\"aioseo-breadcrumb\">\n\t\t\tJour du souvenir et des anciens combattants\n\t\t<\/span><\/div>","aioseo_breadcrumb_json":[{"label":"Home","link":"https:\/\/www.comact.com\/fr\/"},{"label":"Non class\u00e9","link":"https:\/\/www.comact.com\/en\/category\/non-classe\/"},{"label":"Jour du souvenir et des anciens combattants","link":"https:\/\/www.comact.com\/fr\/2020\/11\/11\/jour-du-souvenir-et-des-anciens-combattants\/"}],"_links":{"self":[{"href":"https:\/\/www.comact.com\/fr\/wp-json\/wp\/v2\/posts\/2447","targetHints":{"allow":["GET"]}}],"collection":[{"href":"https:\/\/www.comact.com\/fr\/wp-json\/wp\/v2\/posts"}],"about":[{"href":"https:\/\/www.comact.com\/fr\/wp-json\/wp\/v2\/types\/post"}],"author":[{"embeddable":true,"href":"https:\/\/www.comact.com\/fr\/wp-json\/wp\/v2\/users\/2"}],"replies":[{"embeddable":true,"href":"https:\/\/www.comact.com\/fr\/wp-json\/wp\/v2\/comments?post=2447"}],"version-history":[{"count":0,"href":"https:\/\/www.comact.com\/fr\/wp-json\/wp\/v2\/posts\/2447\/revisions"}],"wp:attachment":[{"href":"https:\/\/www.comact.com\/fr\/wp-json\/wp\/v2\/media?parent=2447"}],"wp:term":[{"taxonomy":"category","embeddable":true,"href":"https:\/\/www.comact.com\/fr\/wp-json\/wp\/v2\/categories?post=2447"},{"taxonomy":"post_tag","embeddable":true,"href":"https:\/\/www.comact.com\/fr\/wp-json\/wp\/v2\/tags?post=2447"}],"curies":[{"name":"wp","href":"https:\/\/api.w.org\/{rel}","templated":true}]}}